{"id":9475,"date":"2020-02-26T17:40:02","date_gmt":"2020-02-26T15:40:02","guid":{"rendered":"https:\/\/intoconcept.com\/?p=9475"},"modified":"2025-10-17T12:01:16","modified_gmt":"2025-10-17T12:01:16","slug":"tukholman-trendivarit","status":"publish","type":"post","link":"https:\/\/intoconcept.joowa.cloud\/en\/tukholman-trendivarit\/","title":{"rendered":"Tukholman trendiv\u00e4rit"},"content":{"rendered":"<h2>Ilta-Sanomat kirjoittivat Tukholman kalustemessuista 2020<\/h2>\n<blockquote><p>&#8221;Hyv\u00e4sti harmaa, ruskea ja valkoinen. Tukholman messut paljastivat v\u00e4rikk\u00e4\u00e4n tulevaisuuden&#8221;<br \/>\n&#8211; Ulla-Maija L\u00e4hteenm\u00e4ki, Ilta-Sanomat<\/p><\/blockquote>\n<p><img fetchpriority=\"high\" decoding=\"async\" class=\"alignnone size-full wp-image-9476\" src=\"\/wp-content\/uploads\/2020\/02\/15022020_81.png\" alt=\"\" width=\"633\" height=\"939\" \/><br \/>\n<em>Kuva: <a href=\"https:\/\/lehti.is.fi\/d40c1375-a606-4e57-b02e-723678dff53f\/80\" target=\"_blank\" rel=\"noopener\">Ilta-Sanomat Plus<\/a><\/em><\/p>\n<p>&#8221;Kirkkaiden v\u00e4rien tuloa on ennakoitu jo jonkin aikaa. Nyt niit\u00e4 n\u00e4kyi klassisesta linjastaan tunnetuilla Tukholman Stockholm Furniture &amp; Light -messuilla&#8221;, Ulla-Maija L\u00e4hteenm\u00e4ki kirjoitti.<\/p>\n<p>V\u00e4ritrendi on ollut monien vuosien ajan maanl\u00e4heinen; paljon harmaata, ruskeaa ja valkoista. Vuosi 2020 yll\u00e4tti iloisesti. Osastot loistivat keltaista, sinist\u00e4, oranssia ja vihre\u00e4\u00e4 yhdistettyin\u00e4 pehmeisiin ja luonnollisiin v\u00e4reihin.<\/p>\n<p>INTO:n osastolla kev\u00e4\u00e4n keltainen piristi rohkeana korostusv\u00e4rin\u00e4. <a href=\"https:\/\/intoconcept.joowa.cloud\/en\/kiitos-tukholma-2020\/\" target=\"_blank\" rel=\"noopener\">Lue t\u00e4\u00e4lt\u00e4 lis\u00e4\u00e4 osastostamme<\/a>.<\/p>\n<p><img decoding=\"async\" class=\"alignnone size-full wp-image-9477\" src=\"\/wp-content\/uploads\/2020\/02\/15022020_82.png\" alt=\"\" width=\"634\" height=\"940\" \/><br \/>\n<em>Kuva: <a href=\"https:\/\/lehti.is.fi\/d40c1375-a606-4e57-b02e-723678dff53f\/82\" target=\"_blank\" rel=\"noopener\">Ilta-Sanomat Plus<\/a><\/em><\/p>\n<p>&nbsp;<\/p>","protected":false},"excerpt":{"rendered":"<p>Ilta-Sanomat kirjoittivat Tukholman kalustemessuista 2020 &#8221;Hyv\u00e4sti harmaa, ruskea ja valkoinen. Tukholman messut paljastivat v\u00e4rikk\u00e4\u00e4n tulevaisuuden&#8221; &#8211; Ulla-Maija L\u00e4hteenm\u00e4ki, Ilta-Sanomat Kuva: Ilta-Sanomat Plus &#8221;Kirkkaiden v\u00e4rien tuloa on ennakoitu jo jonkin aikaa. Nyt niit\u00e4 n\u00e4kyi klassisesta linjastaan tunnetuilla Tukholman Stockholm Furniture &amp; Light -messuilla&#8221;, Ulla-Maija L\u00e4hteenm\u00e4ki kirjoitti. V\u00e4ritrendi on ollut monien vuosien ajan maanl\u00e4heinen; paljon harmaata, ruskeaa [&hellip;]<\/p>\n","protected":false},"author":2,"featured_media":9478,"comment_status":"closed","ping_status":"closed","sticky":false,"template":"","format":"standard","meta":{"_acf_changed":false,"_improvement_type_select":"improve_an_existing","_thumb_yes_seoaic":false,"_frame_yes_seoaic":false,"seoaic_generate_description":"","seoaic_improve_instructions_prompt":"","seoaic_rollback_content_improvement":"","seoaic_idea_thumbnail_generator":"","thumbnail_generated":false,"thumbnail_generate_prompt":"","seoaic_article_description":"","_lmt_disableupdate":"","_lmt_disable":"","seoaic_article_subtitles":[],"footnotes":""},"categories":[38],"tags":[],"class_list":["post-9475","post","type-post","status-publish","format-standard","has-post-thumbnail","hentry","category-artikkeli"],"acf":[],"modified_by":"mari","_links":{"self":[{"href":"https:\/\/intoconcept.joowa.cloud\/en\/wp-json\/wp\/v2\/posts\/9475","targetHints":{"allow":["GET"]}}],"collection":[{"href":"https:\/\/intoconcept.joowa.cloud\/en\/wp-json\/wp\/v2\/posts"}],"about":[{"href":"https:\/\/intoconcept.joowa.cloud\/en\/wp-json\/wp\/v2\/types\/post"}],"author":[{"embeddable":true,"href":"https:\/\/intoconcept.joowa.cloud\/en\/wp-json\/wp\/v2\/users\/2"}],"replies":[{"embeddable":true,"href":"https:\/\/intoconcept.joowa.cloud\/en\/wp-json\/wp\/v2\/comments?post=9475"}],"version-history":[{"count":0,"href":"https:\/\/intoconcept.joowa.cloud\/en\/wp-json\/wp\/v2\/posts\/9475\/revisions"}],"wp:featuredmedia":[{"embeddable":true,"href":"https:\/\/intoconcept.joowa.cloud\/en\/wp-json\/"}],"wp:attachment":[{"href":"https:\/\/intoconcept.joowa.cloud\/en\/wp-json\/wp\/v2\/media?parent=9475"}],"wp:term":[{"taxonomy":"category","embeddable":true,"href":"https:\/\/intoconcept.joowa.cloud\/en\/wp-json\/wp\/v2\/categories?post=9475"},{"taxonomy":"post_tag","embeddable":true,"href":"https:\/\/intoconcept.joowa.cloud\/en\/wp-json\/wp\/v2\/tags?post=9475"}],"curies":[{"name":"wp","href":"https:\/\/api.w.org\/{rel}","templated":true}]}}